{"id":1665,"date":"2017-03-15T16:43:45","date_gmt":"2017-03-15T14:43:45","guid":{"rendered":"http:\/\/ipp.md\/?p=1665"},"modified":"2017-09-08T18:27:25","modified_gmt":"2017-09-08T15:27:25","slug":"dezbateri-publice-implicarea-parintilor-si-comunitatilor-in-definitivarea-noului-cadru-de-referinta-al-curriculumului-national","status":"publish","type":"post","link":"https:\/\/ipp.md\/en\/2017-03\/dezbateri-publice-implicarea-parintilor-si-comunitatilor-in-definitivarea-noului-cadru-de-referinta-al-curriculumului-national\/","title":{"rendered":"Dezbateri publice: Implicarea p\u0103rin\u0163ilor \u015fi comunit\u0103\u0163ilor \u00een definitivarea noului Cadru de referin\u0163\u0103 al Curriculumului Na\u0163ional"},"content":{"rendered":"<p>Institutul de Politici Publice \u00eencurajeaz\u0103 participarea c\u00e2t mai activ\u0103 a reprezentan\u021bilor elevilor, p\u0103rin\u021bilor \u015fi comunit\u0103\u021bilor \u00een racordarea cadrului normativ-juridic al \u00eenv\u0103\u021b\u0103m\u00e2ntului general la necesit\u0103\u021bile beneficiarilor direc\u021bi \u015fi indirec\u021bi ai educa\u021biei.<\/p>\n<p>Participan\u0163ii la dezbaterile publice au analizat conceptele de baz\u0103 \u015fi structura noului Cadru de referin\u0163\u0103 al Curriculum Na\u0163ional pentru \u00eenv\u0103\u0163\u0103m\u00e2ntul general, proiect de document aflat \u00een curs de definitivare. Acesta are scopul s\u0103 modernizeze educa\u0163ia din Republica Moldova prin implementarea complet\u0103 a prevederilor Codului Educa\u0163iei \u015fi Strategiei Na\u0163ionale \u201dEduca\u0163ia 2020\u201d.<\/p>\n<p>\u00cen cadrul proiectului &#8220;Consolidarea colectivit\u0103\u0163ilor \u015fcolare: cre\u015fterea rolului p\u0103rin\u0163ilor \u015fi comunit\u0103\u0163ilor \u00een guvernarea educa\u0163iei&#8221;, Institutul de Politici Publice, \u00een parteneriat cu Ministerul Educa\u0163iei, planific\u0103 extinderea \u00een continuare a particip\u0103rii elevilor, p\u0103rin\u0163ilor \u015fi reprezentan\u0163ilor comunit\u0103\u0163ilor locale \u00een cadrului normativ-juridic pentru \u00eenv\u0103\u0163\u0103m\u00e2ntul general, astfel de dezbateri fiind preconizate \u015fi pentru regiunile de Nord \u015fi Centru ale \u0163\u0103rii.<\/p>","protected":false},"excerpt":{"rendered":"<p>Institutul de Politici Publice \u00eencurajeaz\u0103 participarea c\u00e2t mai activ\u0103 a reprezentan\u021bilor elevilor, p\u0103rin\u021bilor \u015fi comunit\u0103\u021bilor \u00een racordarea cadrului normativ-juridic al \u00eenv\u0103\u021b\u0103m\u00e2ntului general la necesit\u0103\u021bile beneficiarilor direc\u021bi \u015fi indirec\u021bi ai educa\u021biei. Participan\u0163ii la dezbaterile publice au analizat conceptele de baz\u0103 \u015fi structura noului Cadru de referin\u0163\u0103 al Curriculum Na\u0163ional pentru \u00eenv\u0103\u0163\u0103m\u00e2ntul general, proiect de document aflat [&hellip;]<\/p>\n","protected":false},"author":3,"featured_media":1674,"comment_status":"closed","ping_status":"closed","sticky":false,"template":"","format":"standard","meta":{"footnotes":""},"categories":[87,76,1],"tags":[],"class_list":["post-1665","post","type-post","status-publish","format-standard","has-post-thumbnail","hentry","category-fsm_2017_en","category-educatie","category-events"],"_links":{"self":[{"href":"https:\/\/ipp.md\/en\/wp-json\/wp\/v2\/posts\/1665","targetHints":{"allow":["GET"]}}],"collection":[{"href":"https:\/\/ipp.md\/en\/wp-json\/wp\/v2\/posts"}],"about":[{"href":"https:\/\/ipp.md\/en\/wp-json\/wp\/v2\/types\/post"}],"author":[{"embeddable":true,"href":"https:\/\/ipp.md\/en\/wp-json\/wp\/v2\/users\/3"}],"replies":[{"embeddable":true,"href":"https:\/\/ipp.md\/en\/wp-json\/wp\/v2\/comments?post=1665"}],"version-history":[{"count":2,"href":"https:\/\/ipp.md\/en\/wp-json\/wp\/v2\/posts\/1665\/revisions"}],"predecessor-version":[{"id":1745,"href":"https:\/\/ipp.md\/en\/wp-json\/wp\/v2\/posts\/1665\/revisions\/1745"}],"wp:featuredmedia":[{"embeddable":true,"href":"https:\/\/ipp.md\/en\/wp-json\/wp\/v2\/media\/1674"}],"wp:attachment":[{"href":"https:\/\/ipp.md\/en\/wp-json\/wp\/v2\/media?parent=1665"}],"wp:term":[{"taxonomy":"category","embeddable":true,"href":"https:\/\/ipp.md\/en\/wp-json\/wp\/v2\/categories?post=1665"},{"taxonomy":"post_tag","embeddable":true,"href":"https:\/\/ipp.md\/en\/wp-json\/wp\/v2\/tags?post=1665"}],"curies":[{"name":"wp","href":"https:\/\/api.w.org\/{rel}","templated":true}]}}