{"id":1837,"date":"2017-09-26T19:24:34","date_gmt":"2017-09-26T16:24:34","guid":{"rendered":"http:\/\/ipp.md\/?p=1837"},"modified":"2017-10-12T19:31:51","modified_gmt":"2017-10-12T16:31:51","slug":"masa-rotunda-divulgarea-protejata-si-protectia-surselor","status":"publish","type":"post","link":"https:\/\/ipp.md\/en\/2017-09\/masa-rotunda-divulgarea-protejata-si-protectia-surselor\/","title":{"rendered":"Masa rotund\u0103: Divulgarea protejat\u0103 \u0219i protec\u021bia surselor"},"content":{"rendered":"\n\t\t<style type='text\/css'>\n\t\t\t#gallery_1 {\n\t\t\t\tmargin: auto;\n\t\t\t\twidth: 100%;\n\t\t\t}\n\t\t\t#gallery_1 .gallery-item {\n\t\t\t\tfloat: left;\n\t\t\t   \/* margin:0 20px 20px 0;*\/\n\t\t\t\ttext-align: center;\n\t\t\t\twidth: 25%;\n\t\t\t\tdisplay: block;\n\t\t\t\t}\n\t\t\t#gallery_1 img {\n\t\t\t\tmax-width: 95% !important;\n\t\t\t\theight: auto !important;\n\t\t\t\tmargin: 0 auto;\n\t\t\t}\n\t\t\t#gallery_1 .gallery-caption {\n\t\t\t\tmargin-left: 0;\n\t\t\t}\n\t\t<\/style>\n\n\t\t<div id='gallery_1' class='gallery galleryid-1837'><dl class='gallery-item'>\n\t\t\t<dt class='gallery-icon' data-group='gallery_1'>\n\t\t\t\t<a href='https:\/\/ipp.md\/en\/2017-09\/masa-rotunda-divulgarea-protejata-si-protectia-surselor\/attachment\/1\/'><img loading=\"lazy\" decoding=\"async\" width=\"300\" height=\"200\" src=\"https:\/\/ipp.md\/wp-content\/uploads\/2017\/10\/1-300x200.jpg\" class=\"attachment-medium size-medium\" alt=\"\" srcset=\"https:\/\/ipp.md\/wp-content\/uploads\/2017\/10\/1-300x200.jpg 300w, https:\/\/ipp.md\/wp-content\/uploads\/2017\/10\/1-1024x683.jpg 1024w, https:\/\/ipp.md\/wp-content\/uploads\/2017\/10\/1.jpg 1200w\" sizes=\"auto, (max-width: 300px) 100vw, 300px\" \/><\/a>\n\t\t\t<\/dt><\/dl><dl class='gallery-item'>\n\t\t\t<dt class='gallery-icon' data-group='gallery_1'>\n\t\t\t\t<a href='https:\/\/ipp.md\/en\/2017-09\/masa-rotunda-divulgarea-protejata-si-protectia-surselor\/attachment\/2\/'><img loading=\"lazy\" decoding=\"async\" width=\"300\" height=\"200\" src=\"https:\/\/ipp.md\/wp-content\/uploads\/2017\/10\/2-300x200.jpg\" class=\"attachment-medium size-medium\" alt=\"\" srcset=\"https:\/\/ipp.md\/wp-content\/uploads\/2017\/10\/2-300x200.jpg 300w, https:\/\/ipp.md\/wp-content\/uploads\/2017\/10\/2-1024x683.jpg 1024w, https:\/\/ipp.md\/wp-content\/uploads\/2017\/10\/2.jpg 1200w\" sizes=\"auto, (max-width: 300px) 100vw, 300px\" \/><\/a>\n\t\t\t<\/dt><\/dl><dl class='gallery-item'>\n\t\t\t<dt class='gallery-icon' data-group='gallery_1'>\n\t\t\t\t<a href='https:\/\/ipp.md\/en\/2017-09\/masa-rotunda-divulgarea-protejata-si-protectia-surselor\/attachment\/3\/'><img loading=\"lazy\" decoding=\"async\" width=\"300\" height=\"200\" src=\"https:\/\/ipp.md\/wp-content\/uploads\/2017\/10\/3-300x200.jpg\" class=\"attachment-medium size-medium\" alt=\"\" srcset=\"https:\/\/ipp.md\/wp-content\/uploads\/2017\/10\/3-300x200.jpg 300w, https:\/\/ipp.md\/wp-content\/uploads\/2017\/10\/3-1024x683.jpg 1024w, https:\/\/ipp.md\/wp-content\/uploads\/2017\/10\/3.jpg 1200w\" sizes=\"auto, (max-width: 300px) 100vw, 300px\" \/><\/a>\n\t\t\t<\/dt><\/dl><dl class='gallery-item'>\n\t\t\t<dt class='gallery-icon' data-group='gallery_1'>\n\t\t\t\t<a href='https:\/\/ipp.md\/en\/2017-09\/masa-rotunda-divulgarea-protejata-si-protectia-surselor\/attachment\/4\/'><img loading=\"lazy\" decoding=\"async\" width=\"300\" height=\"200\" src=\"https:\/\/ipp.md\/wp-content\/uploads\/2017\/10\/4-300x200.jpg\" class=\"attachment-medium size-medium\" alt=\"\" srcset=\"https:\/\/ipp.md\/wp-content\/uploads\/2017\/10\/4-300x200.jpg 300w, https:\/\/ipp.md\/wp-content\/uploads\/2017\/10\/4-1024x683.jpg 1024w, https:\/\/ipp.md\/wp-content\/uploads\/2017\/10\/4.jpg 1200w\" sizes=\"auto, (max-width: 300px) 100vw, 300px\" \/><\/a>\n\t\t\t<\/dt><\/dl><br style=\"clear: both\" \/>\n\t\t\t<br style='clear: both;' \/>\n\t\t<\/div>\n\n<p style=\"text-align: justify;\"><strong>Statul trebuie s\u0103 \u00eencurajeze func\u021bionarii publici s\u0103 fac\u0103 divulg\u0103ri protejate \u0219i s\u0103 asigure respectarea principiului protec\u021biei surselor jurnalistice. <\/strong>Sunt c\u00e2teva dintre concluziile mesei rotunde <strong><em>Divulgarea protejat\u0103 \u0219i protec\u021bia surselor<\/em><\/strong> din 26 septembrie 2017, organizat\u0103 de Institutul de Politici Publice, cu sprijinul financiar al Departamentului Justi\u021bie \u0219i Drepturile Omului al Funda\u021biei Soros-Moldova.<\/p>\n<p style=\"text-align: justify;\">La eveniment au participat mai mul\u021bi jurnali\u0219ti cunoscu\u021bi, exper\u021bi \u00een legisla\u021bia mass-media \u0219i lideri ai unor organiza\u021bii ce promoveaz\u0103 accesul la informa\u021bie.<\/p>\n<p style=\"text-align: justify;\">Petru Macovei, Directorul Executiv al Asocia\u021biei Presei Independente, a vorbit despre compatibilitatea legisla\u021biei na\u021bionale cu privire la accesul la informa\u021bie cu bunele practici interna\u021bionale. Acesta a men\u021bionat c\u0103 \u00een Republica Moldova se manifest\u0103 o tendin\u021b\u0103 de secretizare nejustificat\u0103 a informa\u021biilor de interes public. Potrivit lui Petru Macovei, motivele cele mai des invocate atunci c\u00e2nd institu\u021biile statului refuz\u0103 s\u0103 ofere informa\u021bii ar fi urm\u0103toarele:<\/p>\n<ul style=\"text-align: justify;\">\n<li>Nerecunoa\u0219terea calit\u0103\u021bii de furnizor oficial de informa\u021bii;<\/li>\n<li>Informa\u021bia solicitat\u0103 ar constitui secret de stat, secret comercial, sau ar con\u021bine date cu caracter personal.<\/li>\n<\/ul>\n<p style=\"text-align: justify;\">Eugeniu R\u00eebca, expert \u00een legisla\u021bia mass-media, a accentuat faptul c\u0103 la nivel interna\u021bional au fost elaborate un set de Principii Globale privind securitatea na\u021bional\u0103 \u0219i dreptul la informa\u021bie (Principiile Tshwane). Aceste principii ofer\u0103 standarde pentru elaborarea, revizuirea \u0219i implementarea legisla\u021biilor na\u021bionale ce ar asigura un echilibru dintre dreptul publicului la informa\u021bie \u0219i necesitatea statului de a secretiza informa\u021bii referitoare la sectorul securitate na\u021bional\u0103.<\/p>\n<p style=\"text-align: justify;\">Dl. R\u00eebca este de p\u0103rere c\u0103 lucrurile \u00een Republica Moldova la acest capitol sunt grave: \u201eReprezentan\u021bii statului trebuie s\u0103 divulge informa\u021biile secret de stat care \u021bin de corup\u021bie. Noi suntem \u021bara miliardului furat. Azi, func\u021bionarii au acces la informa\u021bii despre acte corup\u021bie \u0219i le ascund, iar m\u00e2ine ne conduc\u201d.<\/p>\n<p style=\"text-align: justify;\">Principiile Tshwane stabilesc \u00een mod clar categoriile de activit\u0103\u021bi ilicite a c\u0103ror divulgare de c\u0103tre func\u021bionarii publici trebuie considerate divulgare protejat\u0103, procedurile pentru divulg\u0103ri protejate \u0219i reac\u021bionare la aceste divulg\u0103ri, precum \u0219i m\u0103surile care trebuie \u00eentreprinse pentru a asigura protec\u021bia divulg\u0103rilor. \u00cen plus, cadrul normativ ar trebui s\u0103 asigure protec\u021bie func\u021bionarilor \u00eempotriva represaliilor pentru divulg\u0103ri de informa\u021bii care demonstreaz\u0103 activit\u0103\u021bi ilicite.<\/p>\n<p style=\"text-align: justify;\">\u00cen lipsa unor reglement\u0103ri complete \u00een domeniu, de o importan\u021b\u0103 deosebit\u0103 devine principiul protec\u021biei surselor (<em>Nicio persoan\u0103 care nu este func\u021bionar public nu trebuie obligat\u0103 s\u0103 dezv\u0103luie o surs\u0103 confiden\u021bial\u0103 sau materiale nepublicate \u00eentr-o investiga\u021bie privind divulgarea neautorizat\u0103 de informa\u021bii c\u0103tre pres\u0103 sau public<\/em>) \u0219i interpretarea acestuia de c\u0103tre jurispruden\u021ba na\u021bional\u0103 \u0219i CEDO.<\/p>\n<p style=\"text-align: justify;\">La r\u00e2ndul s\u0103u, jurnalistul Vitalie C\u0103lug\u0103reanu a prezentat exemple despre protec\u021bia surselor jurnalistice. Astfel, conform normelor europene, ziari\u0219tii au tot dreptul s\u0103 nu divulge identitatea surselor lor de informare.<\/p>\n<p style=\"text-align: justify;\"><em>\u201eProtec\u021bia surselor jurnalistice trebuie strict respectat\u0103. Orice tip de perchezi\u021bii ale redac\u021biilor sau altor loca\u021bii ale jurnali\u0219tilor, c\u00e2t \u0219i supravegherea jurnali\u0219tilor sau interceptarea comunica\u021biilor acestora, cu scopul de a identifica sursele de informare sau de a viola secretul redac\u021bional sunt strict interzise\u201d<\/em>, se arat\u0103 \u00een Carta European\u0103 a Libert\u0103\u021bii Presei. Totodat\u0103, sunt \u0219i cazuri c\u00e2nd jurnali\u0219tii sunt obliga\u021bi \u00eentemeiat s\u0103 dezv\u0103luie sursa, <em>\u201edac\u0103 acesta este o persoan\u0103 evadat\u0103 sau atunci c\u00e2nd protec\u021bia sursei ar echivala cu s\u0103v\u00e2r\u0219irea unor infrac\u021biuni\u201d<\/em>.<\/p>\n<p style=\"text-align: justify;\">Cu exemple clare de intimidarea jurnali\u0219tilor din Republica Moldova, av\u00e2nd scopul de a-i face s\u0103-\u0219i dezv\u0103luie sursele, a venit\u00a0 Cornelia Cozonac, pre\u0219edinta Centrului de Investiga\u021bii Jurnalistice.<\/p>\n<p style=\"text-align: justify;\"><em>\u201eAm o experin\u021b\u0103 \u00een jurnalism de 25 de ani. Am avut diverse perioade. P\u00e2n\u0103 \u00een 2001, func\u021bionarii erau mai deschi\u0219i cu presa, 2001-2009 a fost o perioad\u0103 complicat\u0103. Dup\u0103 2009 am observat o deschidere, persoanele cu func\u021bii publice voiau s\u0103 vorbeasc\u0103 despre corup\u021bie, f\u0103ceau scurgeri de informa\u021bii. De trei ani \u00eencoace, exist\u0103 o mare fric\u0103 \u00een institu\u021biile statului, oamenii se tem s\u0103 vorbeasc\u0103, se tem s\u0103-\u0219i piard\u0103 func\u021biile, se tem s\u0103 fie deschi\u0219i\u201d<\/em>, a m\u0103rturisit jurnalista.<\/p>\n<p style=\"text-align: justify;\">Pe final, dup\u0103 mai multe dezbateri, directorul Institutului de Politici Publice, Arcadie Barbaro\u0219ie, a anun\u021bat c\u0103 discu\u021biile consistente din cadrul mesei rotunde au fost utile pentru a \u00een\u021belege starea de lucru \u00een domeniul accesului la informa\u021bie, divulg\u0103rilor protejate \u0219i protec\u021biei surselor jurnalistice, <em>\u201efiind, \u00een continuare, datoria cet\u0103\u021benilor, mass-media \u0219i organiza\u021biilor societ\u0103\u021bii civile s\u0103-\u0219i exercite drepturile legale \u0219i s\u0103 solicite respectarea acestora\u201d<\/em>.<\/p>\n<p style=\"text-align: justify;\">Masa rotund\u0103 a fost organizat\u0103 \u00een cadrul Proiectului \u201ePromovarea \u0219i implementarea Principiilor Globale privind Securitatea Na\u021bional\u0103 \u0219i Dreptul la Informare\u201d, implementat de Institutul de Politici Publice cu suportul financiar al Departamentului Justi\u021bie \u0219i Drepturile Omului al Funda\u0163iei Soros-Moldova.<\/p>\n","protected":false},"excerpt":{"rendered":"<p>Statul trebuie s\u0103 \u00eencurajeze func\u021bionarii publici s\u0103 fac\u0103 divulg\u0103ri protejate \u0219i s\u0103 asigure respectarea principiului protec\u021biei surselor jurnalistice. Sunt c\u00e2teva dintre concluziile mesei rotunde Divulgarea protejat\u0103 \u0219i protec\u021bia surselor din 26 septembrie 2017, organizat\u0103 de Institutul de Politici Publice, cu sprijinul financiar al Departamentului Justi\u021bie \u0219i Drepturile Omului al Funda\u021biei Soros-Moldova. La eveniment au participat [&hellip;]<\/p>\n","protected":false},"author":3,"featured_media":1847,"comment_status":"closed","ping_status":"closed","sticky":false,"template":"","format":"standard","meta":{"footnotes":""},"categories":[1,99],"tags":[],"class_list":["post-1837","post","type-post","status-publish","format-standard","has-post-thumbnail","hentry","category-events","category-fsm1_2014"],"_links":{"self":[{"href":"https:\/\/ipp.md\/en\/wp-json\/wp\/v2\/posts\/1837","targetHints":{"allow":["GET"]}}],"collection":[{"href":"https:\/\/ipp.md\/en\/wp-json\/wp\/v2\/posts"}],"about":[{"href":"https:\/\/ipp.md\/en\/wp-json\/wp\/v2\/types\/post"}],"author":[{"embeddable":true,"href":"https:\/\/ipp.md\/en\/wp-json\/wp\/v2\/users\/3"}],"replies":[{"embeddable":true,"href":"https:\/\/ipp.md\/en\/wp-json\/wp\/v2\/comments?post=1837"}],"version-history":[{"count":1,"href":"https:\/\/ipp.md\/en\/wp-json\/wp\/v2\/posts\/1837\/revisions"}],"predecessor-version":[{"id":1848,"href":"https:\/\/ipp.md\/en\/wp-json\/wp\/v2\/posts\/1837\/revisions\/1848"}],"wp:featuredmedia":[{"embeddable":true,"href":"https:\/\/ipp.md\/en\/wp-json\/wp\/v2\/media\/1847"}],"wp:attachment":[{"href":"https:\/\/ipp.md\/en\/wp-json\/wp\/v2\/media?parent=1837"}],"wp:term":[{"taxonomy":"category","embeddable":true,"href":"https:\/\/ipp.md\/en\/wp-json\/wp\/v2\/categories?post=1837"},{"taxonomy":"post_tag","embeddable":true,"href":"https:\/\/ipp.md\/en\/wp-json\/wp\/v2\/tags?post=1837"}],"curies":[{"name":"wp","href":"https:\/\/api.w.org\/{rel}","templated":true}]}}